{"id":1024,"date":"2020-07-11T02:23:02","date_gmt":"2020-07-11T02:23:02","guid":{"rendered":"https:\/\/www.david-todd.co.uk\/?p=1024"},"modified":"2020-11-14T22:38:56","modified_gmt":"2020-11-14T22:38:56","slug":"soren-eckhoff-deutsche-version","status":"publish","type":"post","link":"https:\/\/www.david-todd.co.uk\/?p=1024","title":{"rendered":"S\u00f6ren Eckhoff ~ Chordirektor"},"content":{"rendered":"\n<p style=\"text-align: center;\"><em>S\u00f6ren Eckhoff ist einer der bekanntesten Chorleiter Deutschlands und ist derzeit Chordirektor und Kapellmeister am Staatstheater Darmstadt. Zu seiner herausragenden Karriere geh\u00f6ren ein f\u00fcnfj\u00e4hriges Engagement an der Oper Leipzig an der Seite des Dirigenten Riccardo Chailly und eine neunj\u00e4hrige T\u00e4tigkeit als Chormeister an der weltber\u00fchmten Bayerischen Staatsoper in M\u00fcnchen. Neben dieser T\u00e4tigkeit ist er seit 1991 Professor an der Hochschule f\u00fcr Musik in W\u00fcrzburg, wo er den deutschen Opernstar Diana Damrau kennenlernte.&nbsp;<\/em><\/p>\n<p>&nbsp;<\/p>\n<p style=\"text-align: center;\"><i>Deutsche Version mit Sonja B\u00fchling<\/i><\/p>\n\n\n\n\n\n<p class=\"has-text-align-center\"><\/p>\n\n\n\n<p><\/p>\n\n\n\n<p><\/p>\n\n\n\n<p><\/p>\n\n\n\n<figure class=\"wp-block-image size-large\"><img loading=\"lazy\" decoding=\"async\" width=\"732\" height=\"1024\" src=\"https:\/\/www.david-todd.co.uk\/wp-content\/uploads\/2020\/07\/Robert_Schittko_copyright-19-732x1024.jpg\" alt=\"\" class=\"wp-image-1014\" srcset=\"https:\/\/www.david-todd.co.uk\/wp-content\/uploads\/2020\/07\/Robert_Schittko_copyright-19-732x1024.jpg 732w, https:\/\/www.david-todd.co.uk\/wp-content\/uploads\/2020\/07\/Robert_Schittko_copyright-19-214x300.jpg 214w, https:\/\/www.david-todd.co.uk\/wp-content\/uploads\/2020\/07\/Robert_Schittko_copyright-19-768x1075.jpg 768w, https:\/\/www.david-todd.co.uk\/wp-content\/uploads\/2020\/07\/Robert_Schittko_copyright-19-1097x1536.jpg 1097w, https:\/\/www.david-todd.co.uk\/wp-content\/uploads\/2020\/07\/Robert_Schittko_copyright-19-1463x2048.jpg 1463w, https:\/\/www.david-todd.co.uk\/wp-content\/uploads\/2020\/07\/Robert_Schittko_copyright-19-750x1050.jpg 750w, https:\/\/www.david-todd.co.uk\/wp-content\/uploads\/2020\/07\/Robert_Schittko_copyright-19-400x560.jpg 400w, https:\/\/www.david-todd.co.uk\/wp-content\/uploads\/2020\/07\/Robert_Schittko_copyright-19-430x602.jpg 430w, https:\/\/www.david-todd.co.uk\/wp-content\/uploads\/2020\/07\/Robert_Schittko_copyright-19-150x210.jpg 150w, https:\/\/www.david-todd.co.uk\/wp-content\/uploads\/2020\/07\/Robert_Schittko_copyright-19-100x140.jpg 100w, https:\/\/www.david-todd.co.uk\/wp-content\/uploads\/2020\/07\/Robert_Schittko_copyright-19.jpg 1786w\" sizes=\"auto, (max-width: 732px) 100vw, 732px\" \/><figcaption>Foto \u00a9 Robert Schittko<\/figcaption><\/figure>\n\n\n\n<blockquote class=\"wp-block-quote has-text-align-center is-style-default is-layout-flow wp-block-quote-is-layout-flow\"><p><\/p><p><strong>Ich finde Chorsingen eines der sch\u00f6nsten musikalischen M\u00f6glichkeiten, weil man wirklich als Gemeinschaft was zusammen gestaltet. Ich glaube, dass musikalische Qualit\u00e4t nichts mit individueller Qualit\u00e4t zu tun hat, sondern es geht um die Qualit\u00e4t des Ensembles.<\/strong><\/p><\/blockquote>\n\n\n\n<p>&nbsp;<\/p>\n<p><em>Wenn du mit einer ber\u00fchmten Person aus der Geschichte zu Abend essen k\u00f6nntest, wen w\u00fcrdest du w\u00e4hlen?<\/em><\/p>\n<p>&nbsp;<\/p>\n<p>Brahms, weil der Hamburger ist!<\/p>\n<p>&nbsp;<\/p>\n<p><em>Was w\u00fcrdest du mit ihm essen?<\/em><\/p>\n<p>&nbsp;<\/p>\n<p>Eine Fischsuppe!<\/p>\n<p>&nbsp;<\/p>\n<p><em>Wenn du nicht in der Oper arbeiten w\u00fcrdest, welchen Beruf h\u00e4ttest du gerne ausge\u00fcbt?<\/em><\/p>\n<p>&nbsp;<\/p>\n<p>Wenn ich mein Hochschulstudium nicht h\u00e4tte machen k\u00f6nnen, w\u00e4re ich Bankkaufmann geworden.<\/p>\n<p>&nbsp;<\/p>\n<p><em>Was ist dein Lieblingsinstrument?<\/em><\/p>\n<p>&nbsp;<\/p>\n<p>Ich kann es nicht spielen, aber ich finde Horn sehr sch\u00f6n. Ich habe neben Klavier sehr viel Geige gespielt. Es geht allerdings einigen Nachbarn auf den Nerven, wenn ich darauf \u00fcbe!<\/p>\n<p>&nbsp;<\/p>\n<p><em>Hast du eine Lieblingsoper?<\/em><\/p>\n<p>&nbsp;<\/p>\n<p>Ja, \u201eFigaros Hochzeit\u201c, weil ich finde, dass dort der theatralische Witz sehr stark ist. Einfach genial gemacht.<\/p>\n<p>&nbsp;<\/p>\n<p><em>Hast du einen Lieblingskomponisten?<\/em><\/p>\n<p>&nbsp;<\/p>\n<p>Das w\u00e4re dann Mozart. Auf der anderen Seite liebe ich auch Wagner sehr. Es gibt auch ein paar Komponisten, denen man mehr Aufmerksamkeit schenken m\u00fcsste, finde ich, z.B, Sibelius, Niels Gade aus D\u00e4nemark.<\/p>\n<p>&nbsp;<\/p>\n<p>Wenn ich mal viel Zeit habe, werde ich mich mit denen und anderen skandinavischen Komponisten besch\u00e4ftigen. Doch es gab bei mir auch unterschiedliche Lebensphasen Ich habe zum Beispiel fr\u00fcher Schumann mit seinen Klavierkonzerten sehr geliebt und dann auch Debussy.<\/p>\n<p>&nbsp;<\/p>\n\n\n\n<figure class=\"wp-block-image size-large\"><img loading=\"lazy\" decoding=\"async\" width=\"4907\" height=\"7360\" src=\"https:\/\/www.david-todd.co.uk\/wp-content\/uploads\/2020\/07\/2019-07-03_So\u0308ren_Eckhoff_c-Sinah-Osner-.jpg\" alt=\"\" class=\"wp-image-1015\"\/><figcaption><em>S\u00f6ren Eckhoff in seinem B\u00fcro am Staatstheater Darmstadt.<\/em> <em>Foto \u00a9 Sinah Osner<\/em><\/figcaption><\/figure>\n\n\n\n<blockquote class=\"wp-block-quote has-text-align-center is-layout-flow wp-block-quote-is-layout-flow\"><p><strong>Als Chordirektor bist du im Grunde genommen in einem Sandwich. Du bekommst eine Aufgabe von der Theaterleitung und diese musst du mit deinem Chor umsetzen.<\/strong><\/p><\/blockquote>\n\n\n\n<p>&nbsp;<\/p>\n<p><em>Du hast den gr\u00f6\u00dften Teil deiner Karriere als Chordirektor verbracht. Was bedeutet diese Rolle und was sind die wichtigsten Aufgaben, die du machen musst?<\/em><\/p>\n<p>&nbsp;<\/p>\n<p>Ich bin auf sehr komische Weise zum ersten Mal Chordirektor geworden. Ich habe zuerst Dirigieren studiert und habe dann damals als Studienleiter und Repetitor in Ulm angefangen. Ich hatte einen Studienkollegen, der zwei Jahre fr\u00fcher von der Hochschule abgegangen ist. Er ist gleichzeitig mit mir nach Ulm als Chordirektor und Kapellmeister gekommen. Und dieser hat nach anderthalb Jahren gesagt \u201eS\u00f6ren, ich habe keine Lust mehr auf Chor, ich kann das nicht. Hast du nicht Lust?\u201c<\/p>\n<p>&nbsp;<\/p>\n<p>Ich hatte meine Frau im Schulchor kennengelernt, habe immer schon in Ch\u00f6ren gesungen und liebe das Chorsingen selbst sehr, auch als S\u00e4nger, und habe mir dann gesagt, \u201eeigentlich ist das das Richtige.\u201c Wir haben dann dem GMD vorgeschlagen, die Stellen zu tauschen.<\/p>\n<p>&nbsp;<\/p>\n<p>Damals war ich \u00fcber anderthalb Jahre Studienleiter und mein einziger Repetitor, zus\u00e4tzlich war ich gerade frisch Vater geworden. Ich habe festgestellt, dass Chors\u00e4nger ganz bestimmte und begrenzte Dienstzeiten haben, wohingegen die Zeit als Studienleiter einfach zu intensiv und zeitaufwendig war.<\/p>\n<p>&nbsp;<\/p>\n<p>Doch da war noch ein anderer Grund, Chordirektor zu werden. Gleich am Anfang meiner Karriere habe ich gesehen, dass ein Kapellmeister seine Position oft wechseln muss, ungef\u00e4hr alle 2 bis 3 Jahre. Mit diesem st\u00e4ndigen Wechsel musst du umgehen k\u00f6nnen, und wenn du erster Kapellmeister bist und den Sprung zum GMD nicht schaffst, kannst du selbst mit deiner Qualit\u00e4t nicht punkten, denn sogar wenn du gleich gut oder besser als der GMD bist, dann bist du trotzdem nach 2 oder 3 Jahren weg vom Haus.<\/p>\n<p>&nbsp;<\/p>\n<p>Ich habe 1987 im Theater angefangen, im gleichen Jahr ist auch unser erster Sohn geboren worden und ich wollte meiner Familie Best\u00e4ndigkeit geben. So war ich in den Jahren, als die Kinder da waren, 4 Jahre in Ulm und 10 Jahre in W\u00fcrzburg. Erst als die Kinder schon gro\u00df waren, bin ich gependelt.<\/p>\n<p>&nbsp;<\/p>\n<p>Aber wir hatten dennoch einen festen Ort, wo wir unser Haus gebaut haben und unsere Kinder waren immer in den gleichen Schulen. Das war uns wichtig! Nach W\u00fcrzburg war ich dann 3 Jahre in Heidelberg, 1 Jahr in Augsburg, 5 Jahre in Leipzig, 9 Jahre in M\u00fcnchen an der Bayerischen Staatsoper und jetzt hier in Darmstadt.<\/p>\n<p>&nbsp;<\/p>\n<p><em>Welcher Teil davon gef\u00e4llt dir am besten?<\/em><\/p>\n<p>&nbsp;<\/p>\n<p>Als Chordirektor bist du im Grunde genommen in einem Sandwich. Du bekommst eine Aufgabe von der Theaterleitung und diese musst du mit deinem Chor umsetzen. Ich finde Chorsingen eines der sch\u00f6nsten musikalischen M\u00f6glichkeiten, weil man wirklich als Gemeinschaft was zusammen gestaltet. Ich glaube, dass musikalische Qualit\u00e4t nichts mit individueller Qualit\u00e4t zu tun hat, sondern es geht um die Qualit\u00e4t des Ensembles. Wenn du eine gute Konstellation hast, dann ist dieses Ensemble st\u00e4rker als die gleiche Anzahl von individuellen S\u00e4ngern.<\/p>\n<p>&nbsp;<\/p>\n<p>Ich m\u00f6chte einer Gruppe eine Freude in ihre Arbeit bringen und das ist bisher relativ gut gelungen. Au\u00dferdem konnte ich schon immer gut Organisieren und ich kann als Chordirektor auch die Proben-Disposition besser beeinflussen, als wenn ich irgendwo Kapellmeister w\u00e4re. Wie ich das St\u00fcck vorbereite, ist mein Ding. Ich habe gro\u00dfe Freiheiten.<\/p>\n<p>&nbsp;<\/p>\n<p><em>Was sind die Herausforderungen?<\/em><\/p>\n<p><em>&nbsp;<\/em><\/p>\n<p>Die Herausforderungen sind auf der einen Seite nat\u00fcrlich, nach oben hin diese Disposition f\u00fcr den Chor zu optimieren gegen die Str\u00f6me, die es sonst gibt. Also in der Organisation sehr fr\u00fchzeitig so zu planen, dass es f\u00fcr den Chor sinnvoll ist. Hier ist das zum Gl\u00fcck weniger der Fall, aber es kann durchaus sein, dass jeder Chors\u00e4nger unterschiedlich motiviert ist, und da eine gemeinsame Ebene zu schaffen, ist sehr schwer.<\/p>\n<p>&nbsp;<\/p>\n<p>Du m\u00f6chtest die, die motiviert fr\u00f6hlich ihren Job tun, unterst\u00fctzen und m\u00f6chtest denen, die diese Einstellung nicht mehr oder nicht haben, das aufzeigen, ohne ihnen weh zu tun. Und das erfordert manchmal Fingerspitzengef\u00fchl.<\/p>\n<p>&nbsp;<\/p>\n<p>In erster Linie versuche ich, dass meine Proben so effektiv sind, dass man sagt, wenn der Eckhoff probt, dann ist die Probe wichtig. Ich komme und ich versuche auch, jedem Chors\u00e4nger als K\u00fcnstler zu begegnen und ihm zu vermitteln \u201awir haben jetzt keinen Dienst`, sondern ihm zu sagen \u201awir probieren jetzt \u2013 wir versuchen, musikalisch zu gestalten\u2019. In der Regel kriegst du damit 80-90% des Chores.<\/p>\n<p>&nbsp;<\/p>\n\n\n\n<figure class=\"wp-block-image size-large\"><img loading=\"lazy\" decoding=\"async\" width=\"620\" height=\"310\" src=\"https:\/\/www.david-todd.co.uk\/wp-content\/uploads\/2020\/07\/Bayerische-Staastsoper-Zuschauerraum-c-Wilfried-Hoesl-620x310-1.jpg\" alt=\"\" class=\"wp-image-1016\" srcset=\"https:\/\/www.david-todd.co.uk\/wp-content\/uploads\/2020\/07\/Bayerische-Staastsoper-Zuschauerraum-c-Wilfried-Hoesl-620x310-1.jpg 620w, https:\/\/www.david-todd.co.uk\/wp-content\/uploads\/2020\/07\/Bayerische-Staastsoper-Zuschauerraum-c-Wilfried-Hoesl-620x310-1-300x150.jpg 300w, https:\/\/www.david-todd.co.uk\/wp-content\/uploads\/2020\/07\/Bayerische-Staastsoper-Zuschauerraum-c-Wilfried-Hoesl-620x310-1-400x200.jpg 400w, https:\/\/www.david-todd.co.uk\/wp-content\/uploads\/2020\/07\/Bayerische-Staastsoper-Zuschauerraum-c-Wilfried-Hoesl-620x310-1-430x215.jpg 430w, https:\/\/www.david-todd.co.uk\/wp-content\/uploads\/2020\/07\/Bayerische-Staastsoper-Zuschauerraum-c-Wilfried-Hoesl-620x310-1-150x75.jpg 150w, https:\/\/www.david-todd.co.uk\/wp-content\/uploads\/2020\/07\/Bayerische-Staastsoper-Zuschauerraum-c-Wilfried-Hoesl-620x310-1-100x50.jpg 100w\" sizes=\"auto, (max-width: 620px) 100vw, 620px\" \/><figcaption>Die Bayerische Staatsoper, M\u00fcnchen. Foto \u00a9 Wiilfried H\u00f6sl<\/figcaption><\/figure>\n\n\n\n<p>&nbsp;<\/p>\n<p><em>Du warst in M\u00fcnchen an der Bayerische Staatsoper f\u00fcr 9 Jahre. Wie war es, dort zu arbeiten und was hast du da gelernt?<\/em><\/p>\n<p><em>&nbsp;<\/em><\/p>\n<p>Das Schwierige an M\u00fcnchen ist, dass sie \u00fcber 50 Produktionen im Repertoire haben und durch diese Repertoiref\u00fclle ist es oft schwer, ein ausgefallenes Werk zur Premiere zu bringen, weil jede Oper zu jeder Zeit auch ihre Aufmerksamkeit braucht. Das Interessante an den 9 Jahren, die ich da war, ist, dass in der Zeit 35 oder fast 40 neue Chors\u00e4nger in das Repertoire eingearbeitet werden mussten. Und das geht anders als in Wien, wo sie ein Jahr haben, um das ganze Repertoire kennenzulernen. Sondern sie m\u00fcssen wirklich Woche f\u00fcr Woche zwei Wiederaufnahmen machen.<\/p>\n<p>&nbsp;<\/p>\n<p>Das Problem in M\u00fcnchen ist, dass man immer wieder unterschiedliche Solisten hat, die oft aus dem Zug oder Flugzeug steigen und auf die B\u00fchne gehen. Aber die Ensembles, also das Orchester und der Chor, m\u00fcssen jeweils dieses Repertoire abrufen k\u00f6nnen, und der Chor muss das Ganze ja auch noch auswendig parat haben.<\/p>\n<p>&nbsp;<\/p>\n<p>Der Solist singt vielleicht drei Partien in einer Spielzeit, und die singt er in Mailand, M\u00fcnchen, Wien und an der Met. Der Chors\u00e4nger braucht Zeit, um die St\u00fccke wieder ins Ged\u00e4chtnis zu rufen, und das wurde teilweise bei der Disposition immer weniger bedacht. Das war sehr, sehr schwer.<\/p>\n<p>&nbsp;<\/p>\n<p>Hinzu kommen zwei Sachen. Je gr\u00f6\u00dfer ein Chor ist, umso mehr kann sich ein Chors\u00e4nger aus der Verantwortung stehlen. Er kann sich praktisch hinter den Kollegen verstecken. Das Zweite ist, dass ich glaube, um gut Musik zu machen, braucht es verschiedene Typen in einem Chor.<\/p>\n<p>&nbsp;<\/p>\n<p><em>Du warst zum ersten Mal in Darmstadt f\u00fcr eine Inszenierung von Messiaens einziger Oper, Saint Fran\u00e7ois d&#8217;Assisi, die einen 10-stimmigen, 150-stimmigen Chor erfordert. Es ist ein Meisterwerk, aber selten aufgef\u00fchrt. Kannst du \u00fcber dieses Ablauf sprechen und wie du das organisiert hast?<\/em><\/p>\n<p><em>&nbsp;<\/em><\/p>\n<p>Ich hatte das gro\u00dfe Gl\u00fcck, dass ich in M\u00fcnchen bereits Messiaen einstudiert hatte. Da hatte Kent Nagano dirigiert, der selbst in der Urauff\u00fchrung als Assistent dieses St\u00fcck kennengerlernt hat. Du hast Klangzentren, und was ich im Rundfunk gelernt habe, ist, wenn du moderne Musik als schrecklich empfindest, dann wirst du es auch immer schrecklich singen. Wenn du aber die Dissonanzen lieben lernen willst, und daf\u00fcr ist es erstmal wichtig, dass du a) deine Melodie verstehst, vom Ablauf her, von der Klangtonfolge und b) mit dem richtigen Spirit, dann gelingt es auch.<\/p>\n<p>&nbsp;<\/p>\n<p>Wir hatten damals viele Einzelproben gehabt und die Stimmen erstmal alleine kennengelernt, um es dann zusammenzuf\u00fcgen. Ich glaube, wenn du das hast, dann ist es viel leichter, deine Stimme autark zu sehen. Du wirst dann nicht gest\u00f6rt, wenn irgendwo eine andere Stimme im Dissonanz-Abstand zu dir singt, weil du wei\u00dft, \u201ameine Stimme ist richtig\u2018.<\/p>\n<p>&nbsp;<\/p>\n\n\n\n<div class=\"wp-block-group\"><div class=\"wp-block-group__inner-container is-layout-flow wp-block-group-is-layout-flow\">\n<div class=\"wp-block-image\"><figure class=\"aligncenter size-large is-resized\"><img loading=\"lazy\" decoding=\"async\" src=\"https:\/\/www.david-todd.co.uk\/wp-content\/uploads\/2020\/07\/damrau-diana.png\" alt=\"\" class=\"wp-image-1017\" width=\"491\" height=\"491\" srcset=\"https:\/\/www.david-todd.co.uk\/wp-content\/uploads\/2020\/07\/damrau-diana.png 425w, https:\/\/www.david-todd.co.uk\/wp-content\/uploads\/2020\/07\/damrau-diana-300x300.png 300w, https:\/\/www.david-todd.co.uk\/wp-content\/uploads\/2020\/07\/damrau-diana-150x150.png 150w, https:\/\/www.david-todd.co.uk\/wp-content\/uploads\/2020\/07\/damrau-diana-400x400.png 400w, https:\/\/www.david-todd.co.uk\/wp-content\/uploads\/2020\/07\/damrau-diana-100x100.png 100w\" sizes=\"auto, (max-width: 491px) 100vw, 491px\" \/><figcaption><em>Deutscher Opernstar Diana Damrau.<\/em><\/figcaption><\/figure><\/div>\n<\/div><\/div>\n\n\n\n<blockquote class=\"wp-block-quote has-text-align-center is-layout-flow wp-block-quote-is-layout-flow\"><p><strong>An Diana ist das Besondere, dass sie eine enorme Ausstrahlung hat, die sich auf das Publikum \u00fcbertr\u00e4gt. Ich glaube, es m\u00fcssen Leute auf der B\u00fchne sein, die diese Gene haben, dass sie sich durch Musik begeistern lassen und diese Begeisterung so \u00fcbertragen k\u00f6nnen, dass das Publikum angesteckt wird.<\/strong><\/p><\/blockquote>\n\n\n\n<p>&nbsp;<\/p>\n<p><em>Du unterrichtest auch in W\u00fcrzburg seit 1991. Was ist wichtig bei deiner Arbeit mit jungen S\u00e4ngern? <\/em><\/p>\n<p><em>&nbsp;<\/em><\/p>\n<p>An der Hochschule unterrichte ich \u201eVorsing-Training\u201c. Das mache ich deshalb, weil ich festgestellt habe, dass es gerade in den letzten 20 Jahren immer wichtiger wurde, dass du mit den Vorsing-Arien deine Qualit\u00e4t am besten darstellst. Also bei vielen S\u00e4ngern habe ich auch das Gef\u00fchl, sie haben im Grunde genommen schon verloren, weil sie die falschen Arien singen.<\/p>\n<p>&nbsp;<\/p>\n<p>Speziell jetzt f\u00fcr Chorgesang musst du eine Vorsing-Arie etwas anders singen. Man h\u00f6rt anders hin, als Chordirektor aber auch als Mits\u00e4nger. Die Eigenart, zum Beispiel, von unten die Noten anzuschleifen, kannst du in einem Chorvorsingen nicht machen. Solche Unterschiede m\u00fcssen die jungen S\u00e4nger kennenlernen. Wie gehe ich in einem Raum rein? Wie gebe ich dem Pianisten die Noten? Wie bereite ich die Noten vor?<\/p>\n<p>&nbsp;<\/p>\n<p>Ich habe auch festgestellt, dass viele junge S\u00e4nger so singen, dass sie Fehler vermeiden wollen. Man h\u00f6rt, dass es nur technisch gedacht ist. Ich m\u00f6chte denen einfach auf der emotionalen Ebene die Vorsing-Arien n\u00e4herbringen. Also in welcher Situation befindet sich die Rolle. Dadurch wird die Arie eine ganz neue und wird auch f\u00fcr die S\u00e4nger leichter, weil sie im Ausdruck atmen und sie wird viel leichter reproduzierbar f\u00fcr sie, denn, um sie wieder zu reproduzieren, m\u00fcssen sie nur in einem Gef\u00fchl bleiben.<\/p>\n<p>&nbsp;<\/p>\n<p>Du kannst heutzutage nicht erwarten, nur mit einer sch\u00f6nen Stimme eine Chorstelle zu bekommen. Wir m\u00fcssen den Studenten, die wir hier in Deutschland ausbilden, auch so weit helfen, dass sie auch konkurrenzf\u00e4hig beim Vorsingen sind.<\/p>\n<p>&nbsp;<\/p>\n<p><em>Wie war es, mit Diana Damrau zu arbeiten, als sie dort studierte?<\/em><\/p>\n<p>&nbsp;<\/p>\n<p>Diana Damrau hatte an der Hochschule in W\u00fcrzburg studiert, damals allerdings mit ihrer eigenen Gesangslehrerin, die sie praktisch mit an die Hochschule gebracht hat. Sie hatte ihr erstes Engagement in W\u00fcrzburg und hat da dann eben die Eliza aus \u201eMy Fair Lady\u201c gesungen. Das war ihre erste gro\u00dfe Partie und da war ich der musikalische Leiter. Daher kennen wir uns.<\/p>\n<p>&nbsp;<\/p>\n<p>An Diana ist das Besondere, dass sie eine enorme Ausstrahlung hat, die sich auf das Publikum \u00fcbertr\u00e4gt. Ich glaube, es m\u00fcssen Leute auf der B\u00fchne sein, die diese Gene haben, dass sie sich durch Musik begeistern lassen und diese Begeisterung so \u00fcbertragen k\u00f6nnen, dass das Publikum angesteckt wird. Und das ist Diana.<\/p>\n<p>&nbsp;<\/p>\n\n\n\n<blockquote class=\"wp-block-quote has-text-align-center is-layout-flow wp-block-quote-is-layout-flow\"><p><strong>Als ich meinen ersten Chor \u00fcbernommen habe, da gab es noch eine Gruppe von \u00e4lteren Herren, die in diesem Chor besch\u00e4ftigt waren, die hatten ihren Stammtisch in der Kantine und haben nur einen Bierdeckel auf das Bier gelegt, wenn sie mal zur B\u00fchne mussten.<\/strong><\/p><\/blockquote>\n\n\n\n<p>&nbsp;<\/p>\n<p><em>Wie hat sich die Opernszene w\u00e4hrend deiner Karriere ge\u00e4ndert?<\/em><\/p>\n<p>&nbsp;<\/p>\n<p>Als ich meinen ersten Chor \u00fcbernommen habe, da gab es noch eine Gruppe von \u00e4lteren Herren, die in diesem Chor besch\u00e4ftigt waren, die hatten ihren Stammtisch in der Kantine und haben nur einen Bierdeckel auf das Bier gelegt, wenn sie mal zur B\u00fchne mussten. Es war in den 70ern sogar noch so, dass du von 10.00 bis 15.00 Uhr und ab 17.00 bis 22.00 Uhr Probe hattest. In der Zeit musste der Chor verf\u00fcgbar sein.<\/p>\n<p>&nbsp;<\/p>\n<p>Also da hat sich viel getan gegen\u00fcber damals. Was ich auch damals in Ulm zum Beispiel hatte, war, dass es 20 verschiedene Abstecher Orte gab, das hei\u00dft, die Oper ist viel \u00f6fter auf Reisen gewesen. Wir sind mittags um 13.00 Uhr losgefahren und nachts um halb 1.00 Uhr wieder zur\u00fcckgekommen und am n\u00e4chsten Morgen war um 11 Uhr wieder Probe. Da hat sich viel Positives getan und viele junge S\u00e4nger wissen gar nicht, was es bedeutet, an einem Stadttheater zu sein.<\/p>\n<p>&nbsp;<\/p>\n<p>Als ich nach W\u00fcrzburg kam, wurde ich gefragt\u201a `was, du hast Kinder? Wie willst du das dann mit einem Beruf am Theater vereinbaren?\u00b4. Fr\u00fcher musste man ja auch einen Urlaubsschein ausstellen, um die Stadt verlassen zu d\u00fcrfen. Ich habe es auch erlebt, dass sich ein Schauspieler beim Fu\u00dfballspielen verletzt hatte und um 14.00 Uhr wurde alle angerufen, dass am Abend nicht \u201eFaust\u201c, sondern \u201eDer V\u00f6gelh\u00e4ndler\u201c gespielt werden sollte.<\/p>\n<p>&nbsp;<\/p>\n<p>Da musste dann ein S\u00e4nger, der nicht erreichbar war, 30.000 DM in die Kasse einzahlen, weil er die gesamten Abendeinnahmen, die zu erwarten gewesen w\u00e4ren, bezahlen musste, da er nicht da war und deshalb die Vorstellung nicht stattfinden konnte.<\/p>\n<p>&nbsp;<\/p>\n<p>Als mein erster Sohn geboren wurde, der zehn Minuten vor 11 Uhr zur Welt kam, war ich um 13.00 Uhr als Studienleiter auf dem Probenplan gebucht. Ich habe zwischendrin noch zwei oder drei Telefonate gef\u00fchrt. Dass man heute diese ganzen M\u00f6glichkeiten hat, z.B. dass man Elternzeit nehmen kann \u2013 das gab\u2019s bei uns nicht. Und man war irgendwie viel mehr mit seinem Beruf verbunden als heute. Ich finde es gut, dass Dinge wie Elternzeit jetzt da sind.<\/p>\n<p>&nbsp;<\/p>\n<p>Musikalisch haben die Ch\u00f6re dazugewonnen. Die Ausbildung der S\u00e4nger ist besser geworden gegen\u00fcber damals. Ich habe in meinen ersten Ch\u00f6ren auch S\u00e4nger gehabt, die einfach nur eine sch\u00f6ne Stimme hatten und dadurch im Extra-Chor aufgefallen sind oder verkappte Posaunisten, die Ansatzprobleme hatten mit den Lippen und dann als Chors\u00e4nger umgeschult haben.<\/p>\n<p>&nbsp;<\/p>\n<p>Auf der anderen Seite muss man sehen, dass der Ausl\u00e4nderanteil doch sehr stark gestiegen ist. 1997 habe ich den ersten Asiaten im Rundfunkchor kennengelernt, und erst 2001 einen Asiaten in meinem Opernchor gehabt. Heute m\u00fcsstest du ohne asiatische Ten\u00f6re alle Ch\u00f6re dicht machen. Das ist schon erstaunlich.<\/p>\n<p>&nbsp;<\/p>\n<p>Da muss man sagen, da m\u00fcsste eigentlich eine h\u00f6here Qualit\u00e4tssicherung der deutschen Sprache passieren. Wir haben immer einen Sprachcoach f\u00fcrs Franz\u00f6sische und f\u00fcr das Italienische etc., aber ich finde, manchmal br\u00e4uchte man an deutschen Theatern einen Sprachcoach f\u00fcrs Deutsche.<\/p>\n<p>&nbsp;<\/p>\n\n\n\n<figure class=\"wp-block-image size-large\"><img loading=\"lazy\" decoding=\"async\" width=\"1024\" height=\"1001\" src=\"https:\/\/www.david-todd.co.uk\/wp-content\/uploads\/2020\/07\/Riccardo-Chailly.jpg\" alt=\"\" class=\"wp-image-1019\" srcset=\"https:\/\/www.david-todd.co.uk\/wp-content\/uploads\/2020\/07\/Riccardo-Chailly.jpg 1024w, https:\/\/www.david-todd.co.uk\/wp-content\/uploads\/2020\/07\/Riccardo-Chailly-300x293.jpg 300w, https:\/\/www.david-todd.co.uk\/wp-content\/uploads\/2020\/07\/Riccardo-Chailly-768x751.jpg 768w, https:\/\/www.david-todd.co.uk\/wp-content\/uploads\/2020\/07\/Riccardo-Chailly-750x733.jpg 750w, https:\/\/www.david-todd.co.uk\/wp-content\/uploads\/2020\/07\/Riccardo-Chailly-400x391.jpg 400w, https:\/\/www.david-todd.co.uk\/wp-content\/uploads\/2020\/07\/Riccardo-Chailly-430x420.jpg 430w, https:\/\/www.david-todd.co.uk\/wp-content\/uploads\/2020\/07\/Riccardo-Chailly-150x147.jpg 150w, https:\/\/www.david-todd.co.uk\/wp-content\/uploads\/2020\/07\/Riccardo-Chailly-100x98.jpg 100w\" sizes=\"auto, (max-width: 1024px) 100vw, 1024px\" \/><figcaption>Dirigent Riccardo Chailly. <\/figcaption><\/figure>\n\n\n\n<blockquote class=\"wp-block-quote has-text-align-center is-layout-flow wp-block-quote-is-layout-flow\"><p><strong>Du musst wissen, wie ein S\u00e4nger atmet. Man sollte selbst Erfahrung als Chors\u00e4nger haben, damit man wei\u00df: Was nervt mich als Chors\u00e4nger? Was sollte ich als Chordirektor vermeiden?<\/strong><\/p><\/blockquote>\n\n\n\n<p>&nbsp;<\/p>\n<p><em>Was ist wichtig f\u00fcr dich in einem Opernchor-Klang im Vergleich zu anderen Ch\u00f6ren?<\/em><\/p>\n<p><em>&nbsp;<\/em><\/p>\n<p>Ein Opernchor definiert sich ganz anders als ein Rundfunkchor. Da gibt es auch ganz andere Stimmen. Man darf einen Opernchor nicht umerziehen zu einem ohne Vibrato singendem Rundfunkchor. Abgesehen davon w\u00fcrde das auch gar nicht funktionieren. Vor allem darf man diesen individuellen Sound nicht abkatschen, weil man dann nichts mehr hat. Diesen muss man nutzen und verfeinern und als Gesamtklang erhalten.<\/p>\n<p>&nbsp;<\/p>\n<p>Es ist sch\u00f6n, dass wir immer sechs Wochen szenische Vorarbeit haben und letztendlich glaube ich, dass man die Feinheiten in der Einstudierung erst nach den szenischen Proben hat. Du musst bis dahin so flexibel wie m\u00f6glich einstudieren, dass a) die S\u00e4nger das Tempo des Dirigenten aufnehmen und b) sie auch f\u00fcr szenische Experimente offen bist.<\/p>\n<p>&nbsp;<\/p>\n<p>Dann kannst du sagen, hier m\u00fcssen wir nochmal genauer im Rhythmus bleiben, weil kein Kontakt zum Dirigenten da ist. Hier k\u00f6nnen wir noch mehr musikantischer arbeiten, weil wir einen guten Blick zum Dirigenten haben und die Szene eine gewisse Ruhe gibt, um das zu machen.<\/p>\n<p>&nbsp;<\/p>\n<p><em>Was braucht man, um ein guter Chordirektor zu sein? Wie kann man Chordirektor werden?<\/em><\/p>\n<p><em>&nbsp;<\/em><\/p>\n<p>In Deutschland gibt es keine spezielle Ausbildung f\u00fcr Chordirektor in der Oper. Ich habe mit vielen Musikhochschulen gesprochen, dass das eigentlich nicht geht. Da muss etwas in der deutschen Ausbildung passieren, dass mehr Leute auf die Situation vorbereitet werden: \u201aWas erwartet mich als Chordirektor?\u2019 und \u201aWas habe ich als Chordirektor zu tun?\u2019<\/p>\n<p>&nbsp;<\/p>\n<p>Es gibt einige Chordirektoren, die arbeiten so \u00fcbergenau in den ersten Proben im Chorsaal, dass sie selbst frustriert sind und der Chors\u00e4nger auch frustriert ist, wenn sie dann auf die B\u00fchne kommen und \u00fcberhaupt keinen Kontakt zum Dirigenten haben und der Chor \u00fcber die ganze B\u00fchne verteilt ist. Ich bin immer bem\u00fcht, fr\u00fchzeitig herauszukriegen: Wie sieht die Szene aus? Wie gro\u00df ist der Raum? Was f\u00fcr Kost\u00fcme haben sie an? Wie sollen sie sich bewegen?<\/p>\n<p>&nbsp;<\/p>\n<p>Da es diese spezielle Ausbildung f\u00fcr Chorleiter nicht gibt, finde ich den Weg, den ich gegangen bin, richtig: Dirigierstudium mit Nebenfach Klavier und Gesang. Ich habe selbst Gesang im Nebenfach studiert und habe auch sehr oft in der Liedklasse begleitet. Du musst wissen, wie ein S\u00e4nger atmet. Man sollte selbst Erfahrung als Chors\u00e4nger haben, damit man wei\u00df: Was nervt mich als Chors\u00e4nger? Was sollte ich als Chordirektor vermeiden?<\/p>\n<p>&nbsp;<\/p>\n<p>Ich denke, man sollte viel weniger im Theater an F\u00e4cher denken. Diese Abgrenzung finde ich einfach falsch. Wir wollen alle zusammen Musik machen und ich w\u00fcrde mir w\u00fcnschen, dass wir da am Theater aus der Not heraus, die wir jetzt die n\u00e4chsten Jahre haben werden, vielleicht gest\u00e4rkt herausgehen und Chors\u00e4nger mehr solistisch eingesetzt werden und vielleicht Solisten auch mal im Chor aushelfen und wir daraus dann durch diese Flexibilit\u00e4t eine bessere Qualit\u00e4t erstellen k\u00f6nnen.<\/p>\n<p>&nbsp;<\/p>\n\n\n\n<blockquote class=\"wp-block-quote has-text-align-center is-layout-flow wp-block-quote-is-layout-flow\"><p><strong>Mit Riccardo Chailly zum Beispiel habe ich \u201eManon Lescaut\u201c gemacht und er hat mich nach Mailand bestellt. Ich war da zwei Tage und dort hat er am Klavier das ganze St\u00fcck durchgespielt&#8230;Wir verstanden uns einfach. Ich habe gewusst, wenn er irgendwas nicht sagen konnte, was er meinte, was ihm gefehlt hat.<\/strong><\/p><\/blockquote>\n\n\n\n<p>&nbsp;<\/p>\n<p><em>Du hast mit vielen sehr bekannten Dirigenten gearbeitet. Was erwartest du als Chordirektor von einem Dirigenten?<\/em><\/p>\n<p><em>&nbsp;<\/em><\/p>\n<p>Erstmal die ganz normalen Parameter. Welches Tempo nimmt er, wie macht er die \u00dcberg\u00e4nge oder auch Fragen abkl\u00e4ren, die dir Zeit ersparen. Ich setze mich immer zwei Stunden mit dem Dirigenten hin, da kann man vieles vorweg kl\u00e4ren. Bestes Beispiel war Claudio Abbado, der es so noch nicht erlebt hatte. Ich bin zu ihm hingegangen und habe gefragt: \u201eWie soll ich hier diesen \u00dcbergang machen?\u201c Er guckte sich das an und sagte: \u201eJa, lass uns das jetzt mal durchgehen\u201c. Zuerst war ich perplex. Ich sagte: \u201eIch mache die Einstudierung nicht f\u00fcr mich, sondern ich mache es, damit Sie mit dem Chor gl\u00fccklich werden.\u201c Ich m\u00f6chte riechen, was ihm wichtig sein wird.<\/p>\n<p>&nbsp;<\/p>\n<p>Es gibt ein paar Dirigenten, bei denen man ziemlich genau wusste, was passiert, und es gibt auch Dirigenten, die sehr unterschiedlich reagieren. Mit Riccardo Chailly zum Beispiel habe ich \u201eManon Lescaut\u201c gemacht und er hat mich nach Mailand bestellt. Ich war da zwei Tage und dort hat er am Klavier das ganze St\u00fcck durchgespielt. Dann wusste ich Bescheid, habe den Chor genauso einstudiert und es war dann sogar so, dass er wollte, dass ich sein Assistent in der Produktion werde. Ich habe sogar die Klavierhauptprobe dirigiert, weil es ihm so gefallen hat. Das war f\u00fcr mich ein tolles Erlebnis.<\/p>\n<p>&nbsp;<\/p>\n<p><em>Wer war dein Lieblingsdirigent-Kollege?<\/em><\/p>\n<p>&nbsp;<\/p>\n<p>Riccardo Chailly, eindeutig. Mit ihm habe ich auch Konzerte vorbereitet. Bisher war es normal, dass, wenn das Gewandhausorchester einen Chor brauchte, es dann der MDR-Chor, ein Rundfunk-Chor, war. Er hat gleich von Anfang an gesagt, die neunte Sinfonie machen wir mit dem Opernchor.<\/p>\n<p>&nbsp;<\/p>\n<p>Der Opernchor hat ihm dann so gefallen, dass wir mit ihm die gro\u00dfen Tourneen gemacht haben in ganz Europa: Luzern, Rotterdam, London, Hong Kong. Es war richtig toll. Wir verstanden uns einfach. Ich habe gewusst, wenn er irgendwas nicht sagen konnte, was er meinte, was ihm gefehlt hat.<\/p>\n<p>&nbsp;<\/p>\n<p>Es gab mal eine Probe im Gewandhaus und er sagte. \u201eDa stimmt irgendwie etwas nicht\u201c. Ich stand neben ihm und ich wusste, wie ich meine B\u00e4sse, ohne mit ihm zu sprechen, in die richtige Form bringen konnte. Er fragte dann nur: \u201eWas haben Sie jetzt gemacht?!\u201c So haben wir zusammengearbeitet, und es war toll.<\/p>\n<p>&nbsp;<\/p>\n\n\n\n<figure class=\"wp-block-image size-large\"><img loading=\"lazy\" decoding=\"async\" width=\"4746\" height=\"7119\" src=\"https:\/\/www.david-todd.co.uk\/wp-content\/uploads\/2020\/07\/2019-07-03_So\u0308ren_Eckhoff_28_Sinah-Osner.jpg\" alt=\"\" class=\"wp-image-1020\"\/><figcaption>S\u00f6ren Eckhoff, Foto \u00a9 Sinah Osner<\/figcaption><\/figure>\n\n\n\n<blockquote class=\"wp-block-quote has-text-align-center is-layout-flow wp-block-quote-is-layout-flow\"><p><strong>Ich glaube, dass sich das Theater zwar neu finden muss, aber dass es viel wichtiger ist, dass man auch an den Urgedanken Theater denkt. Der Urgedanke Theater hei\u00dft ein gewisses Selbstbewusstsein des B\u00fcrgertums. Und man ist auch ins Theater gegangen, weil dort Emotionen gezeigt wurden, die man sich pers\u00f6nlich ja gar nicht erlauben durfte.<\/strong><\/p><\/blockquote>\n\n\n\n<p>\u00a0<\/p>\n<p><em>Was erwartest du als Chordirektor von einem Regisseur? <\/em><\/p>\n<p><em>\u00a0<\/em><\/p>\n<p>Ich finde es grunds\u00e4tzlich falsch, dass ein Konzeptionsgespr\u00e4ch erst vor der ersten szenischen Probe stattfindet. Ich w\u00fcrde mir w\u00fcnschen, dass es vor den ersten musikalischen Proben geschieht, weil man dann schon bei der Probenarbeit viel mehr den Weg des Regisseurs bedenken kann.<\/p>\n<p>\u00a0<\/p>\n<p>Um den Chor m\u00f6glichst gut nach vorne zu bringen, finde ich es gut, wenn ich das Gef\u00fchl habe, der Regisseur nimmt mich ernst und h\u00f6rt mich an, was machbar ist und was nicht, dann haben wir eine gute Zusammenarbeit.<\/p>\n<p>\u00a0<\/p>\n<p><em>Was ist die Zukunft der Oper, besonders in Deutschland?<\/em><\/p>\n<p><em>\u00a0<\/em><\/p>\n<p>Wir haben am Anfang ein bisschen dar\u00fcber gesprochen, dass die Rahmenbedingungen f\u00fcr einen Job an einem Theater sehr angenehm sind. Heutzutage kannst du Familie und Theater besser miteinander verbinden.<\/p>\n<p>\u00a0<\/p>\n<p>Die Zuverl\u00e4ssigkeit gegen\u00fcber den 70ger und 80ger Jahren ist viel h\u00f6her. Ich habe das Gef\u00fchl, dass sich dadurch auch eine gewisse Bequemlichkeit einstellt. Wie gesagt, als ich mein Theaterleben angefangen habe, war ich von morgens bis abends, bis auf wenige Stunden, im Theater und habe mich in diese Sache hineingesteigert, weil ich so begeistert war. Das gibt es heute teilweise auch, aber auch f\u00fcr mich ist es eher die Ausnahme, und es w\u00e4re schade, wenn es bei dieser Entwicklung bliebe.<\/p>\n<p>\u00a0<\/p>\n<p>Vielleicht kommt man mit einer derartigen Krise wie Corona, w\u00e4hrend der man einfach nicht musizieren kann, zu einem Punkt, wo man sagt, \u201cwarum mache ich diesen Beruf eigentlich? Was will ich mit meiner Kunst erreichen?\u201c Und da m\u00fcssen wir uns, finde ich, wiederfinden und zentrieren und nicht nur an unsere tariflichen Rechte denken, damit Theater weiterhin spannend bleibt. Wenn es das nicht ist, kann es irgendwann zum Museum verk\u00fcmmern und keinen mehr interessieren, und das w\u00e4re schlimm. Die Gefahr besteht aber.<\/p>\n<p>\u00a0<\/p>\n<p>Ich glaube, dass sich das Theater zwar neu finden muss, aber dass es viel wichtiger ist, dass man auch an den Urgedanken Theater denkt. Der Urgedanke Theater hei\u00dft ein gewisses Selbstbewusstsein des B\u00fcrgertums. Und man ist auch ins Theater gegangen, weil dort Emotionen gezeigt wurden, die man sich pers\u00f6nlich ja gar nicht erlauben durfte.<\/p>\n<p>\u00a0<\/p>\n<p>Und dazu braucht man eigentlich nicht viel: ein Tisch, eine Lampe, ein Stuhl reichen aus, um ein B\u00fchnenbild zu zaubern. Und oft lenkt ein aufwendiges B\u00fchnenbild eigentlich vom Wesentlichen ab, was Theater ausmacht, n\u00e4mlich, dass man Gef\u00fchle auf die B\u00fchne bringt.<\/p>\n<p>\u00a0<\/p>\n<p>Anmerkungen und Links<\/p>\n<ol>\n<li>Ein Studienleiter ist die Person im Opernhaus, deren Aufgabe es ist, daf\u00fcr zu sorgen, dass jeder S\u00e4nger musikalisch auf die Proben und Auff\u00fchrungen, an denen er teilnehmen wird, vorbereitet wird. Er plant Einzelproben (Coachings) f\u00fcr die S\u00e4ngerinnen und S\u00e4nger mit sich selbst und anderen Wiederholungst\u00e4tern und organisiert gr\u00f6\u00dfere Proben im Theater.\u00a0<\/li>\n<li>Ein Kapellmeister ist ein Dirigent, der in der Regel nach dem Generalmusikdirektor die Auff\u00fchrungen der zweiten oder dritten Wahl zu dirigieren hat. H\u00e4ufig gibt es in einem Theater einen ersten und einen zweiten Kapellmeister.<\/li>\n<li>Ein Generalmusikdirektor (Generalmusikdirektor oder GMD) ist der musikalische Leiter eines Theaters im deutschen Opernsystem. Er ist ein Dirigent, der f\u00fcr die musikalische Programmgestaltung und Planung, die k\u00fcnstlerische Leistung des Musikpersonals und der S\u00e4nger verantwortlich ist, und er hat das erste Wort dar\u00fcber, was er in einer Spielzeit dirigieren wird. Sie haben auch einen starken Einfluss auf alle Besetzungsentscheidungen des Theaters.<\/li>\n<li>Ein Rundfunkchor ist ein gro\u00dfer, professioneller Vollzeitchor (in der Regel mindestens 40 S\u00e4ngerinnen und S\u00e4nger), der Chorrepertoire (keine Oper) in Konzerten auff\u00fchrt. Oft sind sie einem Radiosender angeschlossen oder haben ihren Ursprung in einem solchen, daher der Name.<\/li>\n<\/ol>\n<ul>\n<li>Mehr \u00fcber die Bayerische Staatsoper erfahren Sie auf deren Website <a href=\"https:\/\/www.staatsoper.de\/\">hier.<\/a><\/li>\n<li>Mehr \u00fcber die Hochschule f\u00fcr Musik in W\u00fcrzburg, an der S\u00f6ren lehrt, erfahren Sie <a href=\"https:\/\/www.hfm-wuerzburg.de\/\">hier<\/a>.<\/li>\n<li>Informieren Sie sich \u00fcber bevorstehende Auff\u00fchrungen am Staatstheater Darmstadt, wo ich mit S\u00f6ren zusammenarbeite, <a href=\"https:\/\/www.staatstheater-darmstadt.de\/\">hier<\/a>.\u00a0<\/li>\n<\/ul>\n","protected":false},"excerpt":{"rendered":"<p>S\u00f6ren Eckhoff ist einer der bekanntesten Chorleiter Deutschlands und ist derzeit Chordirektor und Kapellmeister am Staatstheater Darmstadt. Zu seiner herausragenden Karriere geh\u00f6ren ein f\u00fcnfj\u00e4hriges Engagement an der Oper Leipzig an [&hellip;]<\/p>\n","protected":false},"author":1,"featured_media":1014,"comment_status":"open","ping_status":"closed","sticky":false,"template":"","format":"standard","meta":{"_monsterinsights_skip_tracking":false,"_monsterinsights_sitenote_active":false,"_monsterinsights_sitenote_note":"","_monsterinsights_sitenote_category":0,"footnotes":""},"categories":[22],"tags":[],"class_list":["post-1024","post","type-post","status-publish","format-standard","has-post-thumbnail","hentry","category-interviews-auf-deutsch"],"yoast_head":"<!-- This site is optimized with the Yoast SEO plugin v27.5 - https:\/\/yoast.com\/product\/yoast-seo-wordpress\/ -->\n<title>S\u00f6ren Eckhoff ~ Chordirektor - Opera with a Hot Toddy<\/title>\n<meta name=\"description\" content=\"David Todd speaks to German Chorus Master S\u00f6ren Eckhoff, whose long career has included a nine year period as Chorus Master of the Bayerische Staatsoper.\" \/>\n<meta name=\"robots\" content=\"index, follow, max-snippet:-1, max-image-preview:large, max-video-preview:-1\" \/>\n<link rel=\"canonical\" href=\"https:\/\/www.david-todd.co.uk\/?p=1024\" \/>\n<meta property=\"og:locale\" content=\"en_US\" \/>\n<meta property=\"og:type\" content=\"article\" \/>\n<meta property=\"og:title\" content=\"S\u00f6ren Eckhoff ~ Chordirektor - Opera with a Hot Toddy\" \/>\n<meta property=\"og:description\" content=\"David Todd speaks to German Chorus Master S\u00f6ren Eckhoff, whose long career has included a nine year period as Chorus Master of the Bayerische Staatsoper.\" \/>\n<meta property=\"og:url\" content=\"https:\/\/www.david-todd.co.uk\/?p=1024\" \/>\n<meta property=\"article:published_time\" content=\"2020-07-11T02:23:02+00:00\" \/>\n<meta property=\"article:modified_time\" content=\"2020-11-14T22:38:56+00:00\" \/>\n<meta property=\"og:image\" content=\"https:\/\/www.david-todd.co.uk\/wp-content\/uploads\/2020\/07\/Robert_Schittko_copyright-19.jpg\" \/>\n\t<meta property=\"og:image:width\" content=\"1786\" \/>\n\t<meta property=\"og:image:height\" content=\"2500\" \/>\n\t<meta property=\"og:image:type\" content=\"image\/jpeg\" \/>\n<meta name=\"author\" content=\"david.todd\" \/>\n<meta name=\"twitter:card\" content=\"summary_large_image\" \/>\n<meta name=\"twitter:label1\" content=\"Written by\" \/>\n\t<meta name=\"twitter:data1\" content=\"david.todd\" \/>\n\t<meta name=\"twitter:label2\" content=\"Est. reading time\" \/>\n\t<meta name=\"twitter:data2\" content=\"22 minutes\" \/>\n<script type=\"application\/ld+json\" class=\"yoast-schema-graph\">{\"@context\":\"https:\\\/\\\/schema.org\",\"@graph\":[{\"@type\":\"Article\",\"@id\":\"https:\\\/\\\/www.david-todd.co.uk\\\/?p=1024#article\",\"isPartOf\":{\"@id\":\"https:\\\/\\\/www.david-todd.co.uk\\\/?p=1024\"},\"author\":{\"name\":\"david.todd\",\"@id\":\"https:\\\/\\\/www.david-todd.co.uk\\\/#\\\/schema\\\/person\\\/c2e49dcf8af0fa467eb3a4d938689a0f\"},\"headline\":\"S\u00f6ren Eckhoff ~ Chordirektor\",\"datePublished\":\"2020-07-11T02:23:02+00:00\",\"dateModified\":\"2020-11-14T22:38:56+00:00\",\"mainEntityOfPage\":{\"@id\":\"https:\\\/\\\/www.david-todd.co.uk\\\/?p=1024\"},\"wordCount\":4354,\"commentCount\":0,\"image\":{\"@id\":\"https:\\\/\\\/www.david-todd.co.uk\\\/?p=1024#primaryimage\"},\"thumbnailUrl\":\"https:\\\/\\\/www.david-todd.co.uk\\\/wp-content\\\/uploads\\\/2020\\\/07\\\/Robert_Schittko_copyright-19.jpg\",\"articleSection\":[\"Interviews Auf Deutsch\"],\"inLanguage\":\"en-US\",\"potentialAction\":[{\"@type\":\"CommentAction\",\"name\":\"Comment\",\"target\":[\"https:\\\/\\\/www.david-todd.co.uk\\\/?p=1024#respond\"]}]},{\"@type\":\"WebPage\",\"@id\":\"https:\\\/\\\/www.david-todd.co.uk\\\/?p=1024\",\"url\":\"https:\\\/\\\/www.david-todd.co.uk\\\/?p=1024\",\"name\":\"S\u00f6ren Eckhoff ~ Chordirektor - Opera with a Hot Toddy\",\"isPartOf\":{\"@id\":\"https:\\\/\\\/www.david-todd.co.uk\\\/#website\"},\"primaryImageOfPage\":{\"@id\":\"https:\\\/\\\/www.david-todd.co.uk\\\/?p=1024#primaryimage\"},\"image\":{\"@id\":\"https:\\\/\\\/www.david-todd.co.uk\\\/?p=1024#primaryimage\"},\"thumbnailUrl\":\"https:\\\/\\\/www.david-todd.co.uk\\\/wp-content\\\/uploads\\\/2020\\\/07\\\/Robert_Schittko_copyright-19.jpg\",\"datePublished\":\"2020-07-11T02:23:02+00:00\",\"dateModified\":\"2020-11-14T22:38:56+00:00\",\"author\":{\"@id\":\"https:\\\/\\\/www.david-todd.co.uk\\\/#\\\/schema\\\/person\\\/c2e49dcf8af0fa467eb3a4d938689a0f\"},\"description\":\"David Todd speaks to German Chorus Master S\u00f6ren Eckhoff, whose long career has included a nine year period as Chorus Master of the Bayerische Staatsoper.\",\"breadcrumb\":{\"@id\":\"https:\\\/\\\/www.david-todd.co.uk\\\/?p=1024#breadcrumb\"},\"inLanguage\":\"en-US\",\"potentialAction\":[{\"@type\":\"ReadAction\",\"target\":[\"https:\\\/\\\/www.david-todd.co.uk\\\/?p=1024\"]}]},{\"@type\":\"ImageObject\",\"inLanguage\":\"en-US\",\"@id\":\"https:\\\/\\\/www.david-todd.co.uk\\\/?p=1024#primaryimage\",\"url\":\"https:\\\/\\\/www.david-todd.co.uk\\\/wp-content\\\/uploads\\\/2020\\\/07\\\/Robert_Schittko_copyright-19.jpg\",\"contentUrl\":\"https:\\\/\\\/www.david-todd.co.uk\\\/wp-content\\\/uploads\\\/2020\\\/07\\\/Robert_Schittko_copyright-19.jpg\",\"width\":1786,\"height\":2500},{\"@type\":\"BreadcrumbList\",\"@id\":\"https:\\\/\\\/www.david-todd.co.uk\\\/?p=1024#breadcrumb\",\"itemListElement\":[{\"@type\":\"ListItem\",\"position\":1,\"name\":\"Home\",\"item\":\"https:\\\/\\\/www.david-todd.co.uk\\\/\"},{\"@type\":\"ListItem\",\"position\":2,\"name\":\"S\u00f6ren Eckhoff ~ Chordirektor\"}]},{\"@type\":\"WebSite\",\"@id\":\"https:\\\/\\\/www.david-todd.co.uk\\\/#website\",\"url\":\"https:\\\/\\\/www.david-todd.co.uk\\\/\",\"name\":\"\",\"description\":\"\",\"potentialAction\":[{\"@type\":\"SearchAction\",\"target\":{\"@type\":\"EntryPoint\",\"urlTemplate\":\"https:\\\/\\\/www.david-todd.co.uk\\\/?s={search_term_string}\"},\"query-input\":{\"@type\":\"PropertyValueSpecification\",\"valueRequired\":true,\"valueName\":\"search_term_string\"}}],\"inLanguage\":\"en-US\"},{\"@type\":\"Person\",\"@id\":\"https:\\\/\\\/www.david-todd.co.uk\\\/#\\\/schema\\\/person\\\/c2e49dcf8af0fa467eb3a4d938689a0f\",\"name\":\"david.todd\",\"image\":{\"@type\":\"ImageObject\",\"inLanguage\":\"en-US\",\"@id\":\"https:\\\/\\\/secure.gravatar.com\\\/avatar\\\/9da099a3c97c4af5ddd63433f9b7fddb410e6075e2e81f41ea87d2d701ec3825?s=96&d=mm&r=g\",\"url\":\"https:\\\/\\\/secure.gravatar.com\\\/avatar\\\/9da099a3c97c4af5ddd63433f9b7fddb410e6075e2e81f41ea87d2d701ec3825?s=96&d=mm&r=g\",\"contentUrl\":\"https:\\\/\\\/secure.gravatar.com\\\/avatar\\\/9da099a3c97c4af5ddd63433f9b7fddb410e6075e2e81f41ea87d2d701ec3825?s=96&d=mm&r=g\",\"caption\":\"david.todd\"},\"url\":\"https:\\\/\\\/www.david-todd.co.uk\\\/?author=1\"}]}<\/script>\n<!-- \/ Yoast SEO plugin. -->","yoast_head_json":{"title":"S\u00f6ren Eckhoff ~ Chordirektor - Opera with a Hot Toddy","description":"David Todd speaks to German Chorus Master S\u00f6ren Eckhoff, whose long career has included a nine year period as Chorus Master of the Bayerische Staatsoper.","robots":{"index":"index","follow":"follow","max-snippet":"max-snippet:-1","max-image-preview":"max-image-preview:large","max-video-preview":"max-video-preview:-1"},"canonical":"https:\/\/www.david-todd.co.uk\/?p=1024","og_locale":"en_US","og_type":"article","og_title":"S\u00f6ren Eckhoff ~ Chordirektor - Opera with a Hot Toddy","og_description":"David Todd speaks to German Chorus Master S\u00f6ren Eckhoff, whose long career has included a nine year period as Chorus Master of the Bayerische Staatsoper.","og_url":"https:\/\/www.david-todd.co.uk\/?p=1024","article_published_time":"2020-07-11T02:23:02+00:00","article_modified_time":"2020-11-14T22:38:56+00:00","og_image":[{"width":1786,"height":2500,"url":"https:\/\/www.david-todd.co.uk\/wp-content\/uploads\/2020\/07\/Robert_Schittko_copyright-19.jpg","type":"image\/jpeg"}],"author":"david.todd","twitter_card":"summary_large_image","twitter_misc":{"Written by":"david.todd","Est. reading time":"22 minutes"},"schema":{"@context":"https:\/\/schema.org","@graph":[{"@type":"Article","@id":"https:\/\/www.david-todd.co.uk\/?p=1024#article","isPartOf":{"@id":"https:\/\/www.david-todd.co.uk\/?p=1024"},"author":{"name":"david.todd","@id":"https:\/\/www.david-todd.co.uk\/#\/schema\/person\/c2e49dcf8af0fa467eb3a4d938689a0f"},"headline":"S\u00f6ren Eckhoff ~ Chordirektor","datePublished":"2020-07-11T02:23:02+00:00","dateModified":"2020-11-14T22:38:56+00:00","mainEntityOfPage":{"@id":"https:\/\/www.david-todd.co.uk\/?p=1024"},"wordCount":4354,"commentCount":0,"image":{"@id":"https:\/\/www.david-todd.co.uk\/?p=1024#primaryimage"},"thumbnailUrl":"https:\/\/www.david-todd.co.uk\/wp-content\/uploads\/2020\/07\/Robert_Schittko_copyright-19.jpg","articleSection":["Interviews Auf Deutsch"],"inLanguage":"en-US","potentialAction":[{"@type":"CommentAction","name":"Comment","target":["https:\/\/www.david-todd.co.uk\/?p=1024#respond"]}]},{"@type":"WebPage","@id":"https:\/\/www.david-todd.co.uk\/?p=1024","url":"https:\/\/www.david-todd.co.uk\/?p=1024","name":"S\u00f6ren Eckhoff ~ Chordirektor - Opera with a Hot Toddy","isPartOf":{"@id":"https:\/\/www.david-todd.co.uk\/#website"},"primaryImageOfPage":{"@id":"https:\/\/www.david-todd.co.uk\/?p=1024#primaryimage"},"image":{"@id":"https:\/\/www.david-todd.co.uk\/?p=1024#primaryimage"},"thumbnailUrl":"https:\/\/www.david-todd.co.uk\/wp-content\/uploads\/2020\/07\/Robert_Schittko_copyright-19.jpg","datePublished":"2020-07-11T02:23:02+00:00","dateModified":"2020-11-14T22:38:56+00:00","author":{"@id":"https:\/\/www.david-todd.co.uk\/#\/schema\/person\/c2e49dcf8af0fa467eb3a4d938689a0f"},"description":"David Todd speaks to German Chorus Master S\u00f6ren Eckhoff, whose long career has included a nine year period as Chorus Master of the Bayerische Staatsoper.","breadcrumb":{"@id":"https:\/\/www.david-todd.co.uk\/?p=1024#breadcrumb"},"inLanguage":"en-US","potentialAction":[{"@type":"ReadAction","target":["https:\/\/www.david-todd.co.uk\/?p=1024"]}]},{"@type":"ImageObject","inLanguage":"en-US","@id":"https:\/\/www.david-todd.co.uk\/?p=1024#primaryimage","url":"https:\/\/www.david-todd.co.uk\/wp-content\/uploads\/2020\/07\/Robert_Schittko_copyright-19.jpg","contentUrl":"https:\/\/www.david-todd.co.uk\/wp-content\/uploads\/2020\/07\/Robert_Schittko_copyright-19.jpg","width":1786,"height":2500},{"@type":"BreadcrumbList","@id":"https:\/\/www.david-todd.co.uk\/?p=1024#breadcrumb","itemListElement":[{"@type":"ListItem","position":1,"name":"Home","item":"https:\/\/www.david-todd.co.uk\/"},{"@type":"ListItem","position":2,"name":"S\u00f6ren Eckhoff ~ Chordirektor"}]},{"@type":"WebSite","@id":"https:\/\/www.david-todd.co.uk\/#website","url":"https:\/\/www.david-todd.co.uk\/","name":"","description":"","potentialAction":[{"@type":"SearchAction","target":{"@type":"EntryPoint","urlTemplate":"https:\/\/www.david-todd.co.uk\/?s={search_term_string}"},"query-input":{"@type":"PropertyValueSpecification","valueRequired":true,"valueName":"search_term_string"}}],"inLanguage":"en-US"},{"@type":"Person","@id":"https:\/\/www.david-todd.co.uk\/#\/schema\/person\/c2e49dcf8af0fa467eb3a4d938689a0f","name":"david.todd","image":{"@type":"ImageObject","inLanguage":"en-US","@id":"https:\/\/secure.gravatar.com\/avatar\/9da099a3c97c4af5ddd63433f9b7fddb410e6075e2e81f41ea87d2d701ec3825?s=96&d=mm&r=g","url":"https:\/\/secure.gravatar.com\/avatar\/9da099a3c97c4af5ddd63433f9b7fddb410e6075e2e81f41ea87d2d701ec3825?s=96&d=mm&r=g","contentUrl":"https:\/\/secure.gravatar.com\/avatar\/9da099a3c97c4af5ddd63433f9b7fddb410e6075e2e81f41ea87d2d701ec3825?s=96&d=mm&r=g","caption":"david.todd"},"url":"https:\/\/www.david-todd.co.uk\/?author=1"}]}},"_links":{"self":[{"href":"https:\/\/www.david-todd.co.uk\/index.php?rest_route=\/wp\/v2\/posts\/1024","targetHints":{"allow":["GET"]}}],"collection":[{"href":"https:\/\/www.david-todd.co.uk\/index.php?rest_route=\/wp\/v2\/posts"}],"about":[{"href":"https:\/\/www.david-todd.co.uk\/index.php?rest_route=\/wp\/v2\/types\/post"}],"author":[{"embeddable":true,"href":"https:\/\/www.david-todd.co.uk\/index.php?rest_route=\/wp\/v2\/users\/1"}],"replies":[{"embeddable":true,"href":"https:\/\/www.david-todd.co.uk\/index.php?rest_route=%2Fwp%2Fv2%2Fcomments&post=1024"}],"version-history":[{"count":15,"href":"https:\/\/www.david-todd.co.uk\/index.php?rest_route=\/wp\/v2\/posts\/1024\/revisions"}],"predecessor-version":[{"id":1175,"href":"https:\/\/www.david-todd.co.uk\/index.php?rest_route=\/wp\/v2\/posts\/1024\/revisions\/1175"}],"wp:featuredmedia":[{"embeddable":true,"href":"https:\/\/www.david-todd.co.uk\/index.php?rest_route=\/wp\/v2\/media\/1014"}],"wp:attachment":[{"href":"https:\/\/www.david-todd.co.uk\/index.php?rest_route=%2Fwp%2Fv2%2Fmedia&parent=1024"}],"wp:term":[{"taxonomy":"category","embeddable":true,"href":"https:\/\/www.david-todd.co.uk\/index.php?rest_route=%2Fwp%2Fv2%2Fcategories&post=1024"},{"taxonomy":"post_tag","embeddable":true,"href":"https:\/\/www.david-todd.co.uk\/index.php?rest_route=%2Fwp%2Fv2%2Ftags&post=1024"}],"curies":[{"name":"wp","href":"https:\/\/api.w.org\/{rel}","templated":true}]}}